{"id":35467,"date":"2017-07-12T10:06:13","date_gmt":"2017-07-12T07:06:13","guid":{"rendered":"http:\/\/kaustinen.net\/?p=35467"},"modified":"2017-07-12T10:06:13","modified_gmt":"2017-07-12T07:06:13","slug":"kaustisella-pitoja-laidasta-laitaan","status":"publish","type":"post","link":"https:\/\/kaustinen.net\/sv\/kaustisella-pitoja-laidasta-laitaan\/","title":{"rendered":"Kaustby har ett brett utbud av pitas"},"content":{"rendered":"<p>\t\t\t\t<span style=\"color: #000000;\"><span style=\"font-size: medium;\"><span lang=\"fi-FI\">Tiedote 12.7.2017<br \/>\n<\/span><\/span><\/span><\/p>\n<p><span style=\"color: #000000;\"><span style=\"font-size: medium;\"><span lang=\"fi-FI\">Kaustisen kansanmusiikkijuhlat j\u00e4rjestet\u00e4\u00e4n t\u00e4n\u00e4 vuonna 50. kerran. Juhlavuoden kunniaksi on muun muassa koottu viiskymppisten toivekonsertti. T\u00e4n\u00e4 vuonna 50 vuotta t\u00e4ytt\u00e4v\u00e4t<\/span><\/span><\/span><span style=\"font-size: medium;\"><span lang=\"fi-FI\"> esittiv\u00e4t yhteens\u00e4 noin parikymment\u00e4 toivetta, ja lopullisen kokonaisuuden kokosi ohjelmajohtaja <\/span><\/span><span style=\"font-size: medium;\"><span lang=\"fi-FI\"><b>Anne-Mari Hakam\u00e4ki <\/b><\/span><\/span><span style=\"font-size: medium;\"><span lang=\"fi-FI\">n\u00e4iden pohjalta.<\/span><\/span><\/p>\n<p><span style=\"color: #000000;\">\u201d<span style=\"font-size: medium;\"><span lang=\"fi-FI\">Pyrittiin mahdollisimman moninaiseen kokonaisuuteen\u201d, Hakam\u00e4ki kertoo. \u201dJotkut toiveet koskivat yksitt\u00e4isi\u00e4 nimekk\u00e4it\u00e4 artisteja, mutta panostimme kuitenkin siihen, ett\u00e4 samaan konserttiin saataisiin mukaan mahdollisimman monta eri toivetta.\u201d<\/span><\/span><\/span><\/p>\n<p lang=\"fi-FI\"><span style=\"color: #000000;\"><span style=\"font-size: medium;\">50-vuotiaiden toivekonserttiin toivottiin esiintyji\u00e4 kuten <b>Ampron Prunni<\/b> och <b>De lila m\u00e4nnen<\/b>, ja ne toteutetaan. Kappaletoiveiden joukossa oli muun muassa Elsa kohtalon lapsi, joka kuullaan konsertissa <b>Tallarin<\/b> ja Jesse <b>Kaikurannan <\/b>esitt\u00e4m\u00e4n\u00e4. Kokonaisuuden p\u00e4\u00e4tt\u00e4\u00e4 monien toivoma Konstan parempi valssi.<\/span><\/span><\/p>\n<p lang=\"fi-FI\"><span style=\"color: #000000;\"><span style=\"font-size: medium;\">Viiskymppisten toivekonsertti pe 14.7. klo 20.30 Keskipohjanmaa-areena<\/span><\/span><\/p>\n<p lang=\"fi-FI\"><span style=\"font-size: medium;\">Kaustisen kavalkadin voima on oma musiikillinen perint\u00f6 ja tiivis ryhm\u00e4ty\u00f6<\/span><\/p>\n<p lang=\"fi-FI\"><span style=\"font-size: medium;\">Kaustisen kavalkadi on ollut olemassa, kuten festivaalikin, 50 vuotta. Ensimm\u00e4inen kavalkadi vuonna 1968 oli j\u00e4ttimenestys: v\u00e4ki ei kunnolla mahtunut Kalliopaviljonkiin, vaikka ylim\u00e4\u00e4r\u00e4isi\u00e4 esityksi\u00e4 j\u00e4rjestettiin nelj\u00e4. Esitys my\u00f6s \u00e4\u00e4nitettiin Yleisradiolle samana syksyn\u00e4. <\/span><\/p>\n<p lang=\"fi-FI\"><span style=\"font-size: medium;\">Vuoden 1968 kavalkadi otettiin t\u00e4m\u00e4n juhlavuoden kavalkadin esikuvaksi. Silloin musiikkia sitovaa tarinaa kuljetti kaksi henkil\u00f6hahmoa, vaari ja h\u00e4it\u00e4 valmisteleva morsian, joka halusi tutustua kaustislaiseen perinteeseen. <\/span><\/p>\n<p>\u201d<span style=\"font-size: medium;\"><span lang=\"fi-FI\">Suurelle Areenalle p\u00e4\u00e4tettiin kuitenkin tehd\u00e4 konserttimaisempi esitys, jossa kuljetaan l\u00e4pi festivaalin 50-vuotisen historian. Nytkin tarinaa kuljettaa kaksi kertoja\u201d, kertoo kavalkadin musiikin j\u00e4lleen kerran koonnut maestro <\/span><\/span><span style=\"font-size: medium;\"><span lang=\"fi-FI\"><b>Mauno J\u00e4rvel\u00e4<\/b><\/span><\/span><span style=\"font-size: medium;\"><span lang=\"fi-FI\">. K\u00e4sikirjoituksen on muovannut <\/span><\/span><span style=\"font-size: medium;\"><span lang=\"fi-FI\"><b>Antti Huntus<\/b><\/span><\/span><span style=\"font-size: medium;\"><span lang=\"fi-FI\">, useiden kavalkadien tarinanikkari. Keskipohjanmaa-areenalla n\u00e4hd\u00e4\u00e4n taas kerran mahtava joukko kaustislaista osaamista, iso pelimanniryhm\u00e4, H\u00e4\u00e4kuoro sek\u00e4 entisten h\u00e4\u00e4kuorolaisten muodostama H\u00e4\u00e4laulajat, kanteleyhtye, jokunen kyl\u00e4yhtye, jne.<\/span><\/span><\/p>\n<p>\u201d<span style=\"font-size: medium;\"><span lang=\"fi-FI\">Kavalkadi on vanhastaan voimallisesti ryhm\u00e4ty\u00f6t\u00e4\u201d, Mauno J\u00e4rvel\u00e4 korostaa. H\u00e4n kertoo, ett\u00e4 aikanaan kavalkadia synnytettiin jopa niin, ett\u00e4 porukka kokoontui kabinettiin ja kaikki toivat ideansa esiin; ei sit\u00e4 kukaan oikeastaan ohjannut. \u201dOnnistuminen perustuu meid\u00e4n omaan musiikilliseen \u00e4idinkieleemme, joka tunnetaan syv\u00e4llisesti ja jota Kaustisella vaalitaan huolella. Siin\u00e4 on kavalkadin punainen lanka.\u201d<\/span><\/span><\/p>\n<p><span style=\"font-size: medium;\"><span lang=\"fi-FI\">Kavalkadikonsertti <\/span><\/span><span style=\"font-size: medium;\"><span lang=\"fi-FI\">to 13.7. klo 17.30 (I n\u00e4yt\u00f6s), su 16.7. klo 14.30 (II n\u00e4yt\u00f6s) Keskipohjanmaa-areena<\/span><\/span><\/p>\n<p lang=\"fi-FI\"><span style=\"font-size: medium;\">Karhunpeijaisissa menn\u00e4\u00e4n suomalaisuuden juurille<\/span><\/p>\n<p lang=\"fi-FI\"><span style=\"font-size: medium;\">Monet t\u00e4m\u00e4nvuotiset ohjelmanumerot Kaustisella sivuavat jollain lailla Pidot-teemaa. Yksi omaper\u00e4isimmist\u00e4 on yleis\u00f6st\u00e4 riippuen kolmesta nelj\u00e4\u00e4n tuntiin kest\u00e4v\u00e4t Karhunpeijaiset. Esikuvana on hantien karhunpeijaiset, mutta mukana on my\u00f6s suomalaista perinnett\u00e4. <\/span><\/p>\n<p>\u201d<span style=\"font-size: medium;\"><span lang=\"fi-FI\">Suomalaisilla ja hanteilla karhun syntymyytti on melkein sanasta samaan sama\u201d, kertoo idean is\u00e4, muusikko <\/span><\/span><span style=\"font-size: medium;\"><span lang=\"fi-FI\"><b>Tuomas Rounakari<\/b><\/span><\/span><span style=\"font-size: medium;\"><span lang=\"fi-FI\">. \u201dPieni taivaallinen karhunpoika pyyt\u00e4\u00e4 luojais\u00e4lt\u00e4\u00e4n lupaa p\u00e4\u00e4st\u00e4 maanpinnalle, koska se n\u00e4ytt\u00e4\u00e4 niin kauniilta. H\u00e4n maukuu, kunnes luoja anta periksi.\u201d<\/span><\/span><\/p>\n<p lang=\"fi-FI\"><span style=\"font-size: medium;\">Vasta t\u00e4m\u00e4n j\u00e4lkeen myyttinen tarina ja karhunpeijaisjuhlan sis\u00e4lt\u00f6 l\u00e4htee kansoilla eri suuntiin. <\/span><\/p>\n<p>\u201d<span style=\"font-size: medium;\"><span lang=\"fi-FI\">Suomalaiset karhunpeijaiset ovat mets\u00e4styskeskeinen riitti, miesten juhla. Hanteilla merkitys on s\u00e4ilynyt erilaisena, heille se on karhun uudelleensyntymisen riitti ja todella t\u00e4rke\u00e4. Luonteeltaan se on todella leikkis\u00e4 ja iloinen, molemmat ominaisuuksia jotka liitet\u00e4\u00e4n karhuun.\u201d<\/span><\/span><\/p>\n<p lang=\"fi-FI\"><span style=\"font-size: medium;\">Tuomas Rounakarin lis\u00e4ksi Karhunpeijaisissa n\u00e4hd\u00e4\u00e4n jouhikkotaituri <b>Pekko K\u00e4ppi<\/b>, haitaritateilija <b>Antti Paalanen<\/b> ja laulaja <b>Karoliina Kantelinen<\/b>, tuttu mm. V\u00e4rttin\u00e4st\u00e4. <\/span><\/p>\n<p>\u201d<span style=\"font-size: medium;\"><span lang=\"fi-FI\">Ty\u00f6ryhm\u00e4 on minulle melkoinen dream team. Pyysin mukaan vapaamittaiseen improvisaatioon kykenevi\u00e4 ihmisi\u00e4. Kaikki ovat tehneet my\u00f6s sooloteoksia ihan yksin ja heid\u00e4n ty\u00f6ss\u00e4\u00e4n n\u00e4kyy tietynlainen hypnoottinen kvaliteetti. Haitari ei ehk\u00e4 ole ensimm\u00e4inen soitin, joka yhdistet\u00e4\u00e4n karhunpeijaisiin, mutta Antti Paalasen l\u00e4ht\u00f6kohtana oli preparoida haitari siten, ettei siit\u00e4 l\u00e4hde yht\u00e4\u00e4n normaalia \u00e4\u00e4nt\u00e4 \u2013 ajatus josta innostuin v\u00e4litt\u00f6m\u00e4sti\u201d, Rounakari iloitsee. <\/span><\/span><\/p>\n<p lang=\"fi-FI\"><span style=\"font-size: medium;\">Tuomas Rounakari tekee Taideyliopiston Sibelius-Akatemialla taiteellista tohtoritutkintoa, ja Karhunpeijaiset on h\u00e4nen kolmas jatkotutkintokonserttinsa, joka kantaesitettiin helmikuussa 2016. <\/span><\/p>\n<p>\u201d<span style=\"font-size: medium;\"><span lang=\"fi-FI\">Oman tutkimukseni ytimess\u00e4 on transsitilan tutkiminen esiintyj\u00e4n ilmaisukeinona. T\u00e4m\u00e4n konsertin ohjaavana opettajana oli hypnoterapeutti <\/span><\/span><span style=\"font-size: medium;\"><span lang=\"fi-FI\"><b>Kira Gyllenb\u00f6gel<\/b><\/span><\/span><span style=\"font-size: medium;\"><span lang=\"fi-FI\">. Meid\u00e4n k\u00e4ytt\u00e4m\u00e4 hypnoosimetodi ei kuitenkaan ollut mit\u00e4\u00e4n tv-hypnoosimielikuvia vastaavaa, vain olennaista on oman luonteen ja olemuksen parhaimpien puolien vahvistamista. Hypnoosia k\u00e4ytet\u00e4\u00e4n henkisen\u00e4 valmennuksena my\u00f6s urheilussa. Hantien perinteinen karhun her\u00e4ttelylaulu k\u00e4ytt\u00e4\u00e4 samoja tekniikoita kuin moderni hypnoosi, se on olennainen osa pohjoisten kansojen musiikkiperinnett\u00e4.\u201d<\/span><\/span><\/p>\n<p lang=\"fi-FI\"><span style=\"font-size: medium;\">Kaustisella kaksi kertaa n\u00e4ht\u00e4v\u00e4t Karhunpeijaisissa runouksella on my\u00f6s vahva rooli \u2013 mukana on pitki\u00e4 runoja hantien karhunpeijaisista sek\u00e4 mets\u00e4nenetsien nykyrunoilija <b>Juri Vellemin<\/b> tekstej\u00e4.<\/span><\/p>\n<p>\u201d<span style=\"font-size: medium;\"><span lang=\"fi-FI\">Karhunpeijaiset ei ole esitys, eik\u00e4 rituaali, eik\u00e4 konsertti, eik\u00e4 teatteria\u201d, Rounakari selitt\u00e4\u00e4. \u201dMutta jollakin tavalla n\u00e4m\u00e4 kaikki asiat m\u00e4\u00e4rittelev\u00e4t sit\u00e4. Karhunpeijaiset ovat v\u00e4h\u00e4n niin kuin h\u00e4\u00e4t \u2013 kaikki ovat h\u00e4iss\u00e4 ensisijaisesti h\u00e4\u00e4paria varten. T\u00e4ss\u00e4 ajatus on samantyyppinen, kaikki ovat paikalla karhua varten, ei niink\u00e4\u00e4n esiintyj\u00e4t yleis\u00f6\u00e4 varten. Yleis\u00f6lt\u00e4 toivotaan, ett\u00e4 olisi niin kuin juhlissa: voi osallistua tai ei, laulaa tai olla laulamatta, tanssia tai olla tanssimatta.\u201d<\/span><\/span><\/p>\n<p lang=\"fi-FI\"><span style=\"font-size: medium;\">Vaikka kokonaisuus ammentaa hanti- ja suomalaisperinteest\u00e4, se ei edustaa niist\u00e4 kumpaakaan. <\/span><\/p>\n<p>\u201d<span style=\"font-size: medium;\"><span lang=\"fi-FI\">Kaikki tapahtuu rinnakkaistodellisuudessa, kulttuurissa, joka ehk\u00e4 olisi voinut olla olemassa. Pyrit\u00e4\u00e4n vahvistamaan tietoista yhteytt\u00e4 myyttiseen karhuun. Suomalaisessa kulttuurissa karhulla on ihan erityinen rooli ja paikka. Joutsenen ja sotkan rinnalla se on varmaan meille myyttisist\u00e4 el\u00e4imist\u00e4 l\u00e4heisin.\u201d<\/span><\/span><\/p>\n<p lang=\"fi-FI\"><span style=\"font-size: medium;\">Monta tuntia kest\u00e4viin karhunpeijaisiin kuuluu v\u00e4liaika. Rounakari pahoittelee, ettei esityksess\u00e4 ole mahdollista kattaa yleis\u00f6lle pitop\u00f6yt\u00e4\u00e4 v\u00e4liajalla, mutta v\u00e4liaika on silti olennainen osa esityst\u00e4 \u2013 silloin j\u00e4rjestet\u00e4\u00e4n leikkej\u00e4 yleis\u00f6lle.<\/span><\/p>\n<p>\u201d<span style=\"font-size: medium;\"><span lang=\"fi-FI\">Karhunpeijaisissa menn\u00e4\u00e4n suomalaisuuden juurille syv\u00e4llisell\u00e4 tavalla, ja sellaisesta kulmasta joka v\u00e4h\u00e4n yll\u00e4tt\u00e4\u00e4. Voisiko suomalainen pyhyys olla pohjimmiltaan iloista?\u201d<\/span><\/span><\/p>\n<p lang=\"fi-FI\"><span style=\"font-size: medium;\">Karhunpeijaiset to 13.7. klo 19\u201322 ja pe 14.7. klo 12.30\u201316.30 Maunon makasiini<\/span><\/p>\n<p><span style=\"color: #000000;\"><span style=\"font-size: medium;\"><span lang=\"fi-FI\">F\u00f6r mer information och intervjuf\u00f6rfr\u00e5gningar:<br \/>\n<\/span><\/span><\/span><span style=\"color: #000000;\"><span style=\"font-size: medium;\"><span lang=\"fi-FI\">Presschef<br \/>\nTove Djupsj\u00f6backa<br \/>\np. 040-6585340<br \/>\n<\/span><\/span><\/span><span style=\"color: #000000;\"><span style=\"font-size: medium;\"><span lang=\"fi-FI\">press(at)kaustinen.net<\/span><\/span><\/span>\t\t<\/p>","protected":false},"excerpt":{"rendered":"<p>Tiedote 12.7.2017 Kaustisen kansanmusiikkijuhlat j\u00e4rjestet\u00e4\u00e4n t\u00e4n\u00e4 vuonna 50. kerran. Juhlavuoden kunniaksi on muun muassa koottu viiskymppisten toivekonsertti. T\u00e4n\u00e4 vuonna 50 vuotta t\u00e4ytt\u00e4v\u00e4t esittiv\u00e4t yhteens\u00e4 noin parikymment\u00e4 toivetta, ja lopullisen kokonaisuuden kokosi ohjelmajohtaja Anne-Mari Hakam\u00e4ki n\u00e4iden pohjalta. \u201dPyrittiin mahdollisimman moninaiseen kokonaisuuteen\u201d, Hakam\u00e4ki kertoo. \u201dJotkut toiveet koskivat yksitt\u00e4isi\u00e4 nimekk\u00e4it\u00e4 artisteja, mutta panostimme kuitenkin siihen, ett\u00e4 samaan konserttiin [&hellip;]<\/p>\n","protected":false},"author":1,"featured_media":0,"comment_status":"closed","ping_status":"closed","sticky":false,"template":"","format":"standard","meta":{"_et_pb_use_builder":"","_et_pb_old_content":"","_et_gb_content_width":"","_jetpack_memberships_contains_paid_content":false,"footnotes":""},"categories":[2,3],"tags":[],"class_list":["post-35467","post","type-post","status-publish","format-standard","hentry","category-lehdistotiedotteet","category-yleinen"],"yoast_head":"<!-- This site is optimized with the Yoast SEO plugin v27.5 - https:\/\/yoast.com\/product\/yoast-seo-wordpress\/ -->\n<title>Kaustisella pitoja laidasta laitaan - Kaustinen Folk Music Festival<\/title>\n<meta name=\"robots\" content=\"index, follow, max-snippet:-1, max-image-preview:large, max-video-preview:-1\" \/>\n<link rel=\"canonical\" href=\"https:\/\/kaustinen.net\/sv\/kaustisella-pitoja-laidasta-laitaan\/\" \/>\n<meta property=\"og:locale\" content=\"sv_SE\" \/>\n<meta property=\"og:type\" content=\"article\" \/>\n<meta property=\"og:title\" content=\"Kaustisella pitoja laidasta laitaan - Kaustinen Folk Music Festival\" \/>\n<meta property=\"og:description\" content=\"Tiedote 12.7.2017 Kaustisen kansanmusiikkijuhlat j\u00e4rjestet\u00e4\u00e4n t\u00e4n\u00e4 vuonna 50. kerran. Juhlavuoden kunniaksi on muun muassa koottu viiskymppisten toivekonsertti. T\u00e4n\u00e4 vuonna 50 vuotta t\u00e4ytt\u00e4v\u00e4t esittiv\u00e4t yhteens\u00e4 noin parikymment\u00e4 toivetta, ja lopullisen kokonaisuuden kokosi ohjelmajohtaja Anne-Mari Hakam\u00e4ki n\u00e4iden pohjalta. \u201dPyrittiin mahdollisimman moninaiseen kokonaisuuteen\u201d, Hakam\u00e4ki kertoo. \u201dJotkut toiveet koskivat yksitt\u00e4isi\u00e4 nimekk\u00e4it\u00e4 artisteja, mutta panostimme kuitenkin siihen, ett\u00e4 samaan konserttiin [&hellip;]\" \/>\n<meta property=\"og:url\" content=\"https:\/\/kaustinen.net\/sv\/kaustisella-pitoja-laidasta-laitaan\/\" \/>\n<meta property=\"og:site_name\" content=\"Kaustinen Folk Music Festival\" \/>\n<meta property=\"article:published_time\" content=\"2017-07-12T07:06:13+00:00\" \/>\n<meta name=\"author\" content=\"admin\" \/>\n<meta name=\"twitter:card\" content=\"summary_large_image\" \/>\n<meta name=\"twitter:label1\" content=\"Skriven av\" \/>\n\t<meta name=\"twitter:data1\" content=\"admin\" \/>\n\t<meta name=\"twitter:label2\" content=\"Ber\u00e4knad l\u00e4stid\" \/>\n\t<meta name=\"twitter:data2\" content=\"4 minuter\" \/>\n<script type=\"application\/ld+json\" class=\"yoast-schema-graph\">{\"@context\":\"https:\\\/\\\/schema.org\",\"@graph\":[{\"@type\":\"Article\",\"@id\":\"https:\\\/\\\/kaustinen.net\\\/sv\\\/kaustisella-pitoja-laidasta-laitaan\\\/#article\",\"isPartOf\":{\"@id\":\"https:\\\/\\\/kaustinen.net\\\/sv\\\/kaustisella-pitoja-laidasta-laitaan\\\/\"},\"author\":{\"name\":\"admin\",\"@id\":\"https:\\\/\\\/kaustinen.net\\\/sv\\\/#\\\/schema\\\/person\\\/7b0fee5d286d31b36108d897fb74d35b\"},\"headline\":\"Kaustisella pitoja laidasta laitaan\",\"datePublished\":\"2017-07-12T07:06:13+00:00\",\"mainEntityOfPage\":{\"@id\":\"https:\\\/\\\/kaustinen.net\\\/sv\\\/kaustisella-pitoja-laidasta-laitaan\\\/\"},\"wordCount\":882,\"articleSection\":[\"Lehdist\u00f6tiedotteet\",\"Yleinen\"],\"inLanguage\":\"sv-SE\"},{\"@type\":\"WebPage\",\"@id\":\"https:\\\/\\\/kaustinen.net\\\/sv\\\/kaustisella-pitoja-laidasta-laitaan\\\/\",\"url\":\"https:\\\/\\\/kaustinen.net\\\/sv\\\/kaustisella-pitoja-laidasta-laitaan\\\/\",\"name\":\"Kaustisella pitoja laidasta laitaan - Kaustinen Folk Music Festival\",\"isPartOf\":{\"@id\":\"https:\\\/\\\/kaustinen.net\\\/sv\\\/#website\"},\"datePublished\":\"2017-07-12T07:06:13+00:00\",\"author\":{\"@id\":\"https:\\\/\\\/kaustinen.net\\\/sv\\\/#\\\/schema\\\/person\\\/7b0fee5d286d31b36108d897fb74d35b\"},\"breadcrumb\":{\"@id\":\"https:\\\/\\\/kaustinen.net\\\/sv\\\/kaustisella-pitoja-laidasta-laitaan\\\/#breadcrumb\"},\"inLanguage\":\"sv-SE\",\"potentialAction\":[{\"@type\":\"ReadAction\",\"target\":[\"https:\\\/\\\/kaustinen.net\\\/sv\\\/kaustisella-pitoja-laidasta-laitaan\\\/\"]}]},{\"@type\":\"BreadcrumbList\",\"@id\":\"https:\\\/\\\/kaustinen.net\\\/sv\\\/kaustisella-pitoja-laidasta-laitaan\\\/#breadcrumb\",\"itemListElement\":[{\"@type\":\"ListItem\",\"position\":1,\"name\":\"Home\",\"item\":\"https:\\\/\\\/kaustinen.net\\\/\"},{\"@type\":\"ListItem\",\"position\":2,\"name\":\"Kaustisella pitoja laidasta laitaan\"}]},{\"@type\":\"WebSite\",\"@id\":\"https:\\\/\\\/kaustinen.net\\\/sv\\\/#website\",\"url\":\"https:\\\/\\\/kaustinen.net\\\/sv\\\/\",\"name\":\"Kaustinen Folk Music Festival\",\"description\":\"Kes\u00e4n onnellisimmat p\u00e4iv\u00e4t\",\"potentialAction\":[{\"@type\":\"SearchAction\",\"target\":{\"@type\":\"EntryPoint\",\"urlTemplate\":\"https:\\\/\\\/kaustinen.net\\\/sv\\\/?s={search_term_string}\"},\"query-input\":{\"@type\":\"PropertyValueSpecification\",\"valueRequired\":true,\"valueName\":\"search_term_string\"}}],\"inLanguage\":\"sv-SE\"},{\"@type\":\"Person\",\"@id\":\"https:\\\/\\\/kaustinen.net\\\/sv\\\/#\\\/schema\\\/person\\\/7b0fee5d286d31b36108d897fb74d35b\",\"name\":\"admin\",\"image\":{\"@type\":\"ImageObject\",\"inLanguage\":\"sv-SE\",\"@id\":\"https:\\\/\\\/secure.gravatar.com\\\/avatar\\\/2bc07cb6b4886e8817b342f2d1a95f037d049f9a8e9770d7b28c1c6baa6129bf?s=96&d=mm&r=g\",\"url\":\"https:\\\/\\\/secure.gravatar.com\\\/avatar\\\/2bc07cb6b4886e8817b342f2d1a95f037d049f9a8e9770d7b28c1c6baa6129bf?s=96&d=mm&r=g\",\"contentUrl\":\"https:\\\/\\\/secure.gravatar.com\\\/avatar\\\/2bc07cb6b4886e8817b342f2d1a95f037d049f9a8e9770d7b28c1c6baa6129bf?s=96&d=mm&r=g\",\"caption\":\"admin\"},\"sameAs\":[\"https:\\\/\\\/kaustinen.net\"],\"url\":\"https:\\\/\\\/kaustinen.net\\\/sv\\\/author\\\/jimmy\\\/\"}]}<\/script>\n<!-- \/ Yoast SEO plugin. -->","yoast_head_json":{"title":"Kaustisella pitoja laidasta laitaan - Kaustinen Folk Music Festival","robots":{"index":"index","follow":"follow","max-snippet":"max-snippet:-1","max-image-preview":"max-image-preview:large","max-video-preview":"max-video-preview:-1"},"canonical":"https:\/\/kaustinen.net\/sv\/kaustisella-pitoja-laidasta-laitaan\/","og_locale":"sv_SE","og_type":"article","og_title":"Kaustisella pitoja laidasta laitaan - Kaustinen Folk Music Festival","og_description":"Tiedote 12.7.2017 Kaustisen kansanmusiikkijuhlat j\u00e4rjestet\u00e4\u00e4n t\u00e4n\u00e4 vuonna 50. kerran. Juhlavuoden kunniaksi on muun muassa koottu viiskymppisten toivekonsertti. T\u00e4n\u00e4 vuonna 50 vuotta t\u00e4ytt\u00e4v\u00e4t esittiv\u00e4t yhteens\u00e4 noin parikymment\u00e4 toivetta, ja lopullisen kokonaisuuden kokosi ohjelmajohtaja Anne-Mari Hakam\u00e4ki n\u00e4iden pohjalta. \u201dPyrittiin mahdollisimman moninaiseen kokonaisuuteen\u201d, Hakam\u00e4ki kertoo. \u201dJotkut toiveet koskivat yksitt\u00e4isi\u00e4 nimekk\u00e4it\u00e4 artisteja, mutta panostimme kuitenkin siihen, ett\u00e4 samaan konserttiin [&hellip;]","og_url":"https:\/\/kaustinen.net\/sv\/kaustisella-pitoja-laidasta-laitaan\/","og_site_name":"Kaustinen Folk Music Festival","article_published_time":"2017-07-12T07:06:13+00:00","author":"admin","twitter_card":"summary_large_image","twitter_misc":{"Skriven av":"admin","Ber\u00e4knad l\u00e4stid":"4 minuter"},"schema":{"@context":"https:\/\/schema.org","@graph":[{"@type":"Article","@id":"https:\/\/kaustinen.net\/sv\/kaustisella-pitoja-laidasta-laitaan\/#article","isPartOf":{"@id":"https:\/\/kaustinen.net\/sv\/kaustisella-pitoja-laidasta-laitaan\/"},"author":{"name":"admin","@id":"https:\/\/kaustinen.net\/sv\/#\/schema\/person\/7b0fee5d286d31b36108d897fb74d35b"},"headline":"Kaustisella pitoja laidasta laitaan","datePublished":"2017-07-12T07:06:13+00:00","mainEntityOfPage":{"@id":"https:\/\/kaustinen.net\/sv\/kaustisella-pitoja-laidasta-laitaan\/"},"wordCount":882,"articleSection":["Lehdist\u00f6tiedotteet","Yleinen"],"inLanguage":"sv-SE"},{"@type":"WebPage","@id":"https:\/\/kaustinen.net\/sv\/kaustisella-pitoja-laidasta-laitaan\/","url":"https:\/\/kaustinen.net\/sv\/kaustisella-pitoja-laidasta-laitaan\/","name":"Kaustisella pitoja laidasta laitaan - Kaustinen Folk Music Festival","isPartOf":{"@id":"https:\/\/kaustinen.net\/sv\/#website"},"datePublished":"2017-07-12T07:06:13+00:00","author":{"@id":"https:\/\/kaustinen.net\/sv\/#\/schema\/person\/7b0fee5d286d31b36108d897fb74d35b"},"breadcrumb":{"@id":"https:\/\/kaustinen.net\/sv\/kaustisella-pitoja-laidasta-laitaan\/#breadcrumb"},"inLanguage":"sv-SE","potentialAction":[{"@type":"ReadAction","target":["https:\/\/kaustinen.net\/sv\/kaustisella-pitoja-laidasta-laitaan\/"]}]},{"@type":"BreadcrumbList","@id":"https:\/\/kaustinen.net\/sv\/kaustisella-pitoja-laidasta-laitaan\/#breadcrumb","itemListElement":[{"@type":"ListItem","position":1,"name":"Home","item":"https:\/\/kaustinen.net\/"},{"@type":"ListItem","position":2,"name":"Kaustisella pitoja laidasta laitaan"}]},{"@type":"WebSite","@id":"https:\/\/kaustinen.net\/sv\/#website","url":"https:\/\/kaustinen.net\/sv\/","name":"Kaustinen Folk Music Festival","description":"Sommarens lyckligaste dagar","potentialAction":[{"@type":"SearchAction","target":{"@type":"EntryPoint","urlTemplate":"https:\/\/kaustinen.net\/sv\/?s={search_term_string}"},"query-input":{"@type":"PropertyValueSpecification","valueRequired":true,"valueName":"search_term_string"}}],"inLanguage":"sv-SE"},{"@type":"Person","@id":"https:\/\/kaustinen.net\/sv\/#\/schema\/person\/7b0fee5d286d31b36108d897fb74d35b","name":"administrat\u00f6r","image":{"@type":"ImageObject","inLanguage":"sv-SE","@id":"https:\/\/secure.gravatar.com\/avatar\/2bc07cb6b4886e8817b342f2d1a95f037d049f9a8e9770d7b28c1c6baa6129bf?s=96&d=mm&r=g","url":"https:\/\/secure.gravatar.com\/avatar\/2bc07cb6b4886e8817b342f2d1a95f037d049f9a8e9770d7b28c1c6baa6129bf?s=96&d=mm&r=g","contentUrl":"https:\/\/secure.gravatar.com\/avatar\/2bc07cb6b4886e8817b342f2d1a95f037d049f9a8e9770d7b28c1c6baa6129bf?s=96&d=mm&r=g","caption":"admin"},"sameAs":["https:\/\/kaustinen.net"],"url":"https:\/\/kaustinen.net\/sv\/author\/jimmy\/"}]}},"jetpack_featured_media_url":"","jetpack_sharing_enabled":true,"_links":{"self":[{"href":"https:\/\/kaustinen.net\/sv\/wp-json\/wp\/v2\/posts\/35467","targetHints":{"allow":["GET"]}}],"collection":[{"href":"https:\/\/kaustinen.net\/sv\/wp-json\/wp\/v2\/posts"}],"about":[{"href":"https:\/\/kaustinen.net\/sv\/wp-json\/wp\/v2\/types\/post"}],"author":[{"embeddable":true,"href":"https:\/\/kaustinen.net\/sv\/wp-json\/wp\/v2\/users\/1"}],"replies":[{"embeddable":true,"href":"https:\/\/kaustinen.net\/sv\/wp-json\/wp\/v2\/comments?post=35467"}],"version-history":[{"count":0,"href":"https:\/\/kaustinen.net\/sv\/wp-json\/wp\/v2\/posts\/35467\/revisions"}],"wp:attachment":[{"href":"https:\/\/kaustinen.net\/sv\/wp-json\/wp\/v2\/media?parent=35467"}],"wp:term":[{"taxonomy":"category","embeddable":true,"href":"https:\/\/kaustinen.net\/sv\/wp-json\/wp\/v2\/categories?post=35467"},{"taxonomy":"post_tag","embeddable":true,"href":"https:\/\/kaustinen.net\/sv\/wp-json\/wp\/v2\/tags?post=35467"}],"curies":[{"name":"wp","href":"https:\/\/api.w.org\/{rel}","templated":true}]}}