{"id":35469,"date":"2017-07-12T17:38:03","date_gmt":"2017-07-12T14:38:03","guid":{"rendered":"http:\/\/kaustinen.net\/?p=35469"},"modified":"2017-07-12T17:38:03","modified_gmt":"2017-07-12T14:38:03","slug":"satoi-tai-paistoi-tunnelma-pysyy","status":"publish","type":"post","link":"https:\/\/kaustinen.net\/en\/satoi-tai-paistoi-tunnelma-pysyy\/","title":{"rendered":"Satoi tai paistoi, tunnelma pysyy"},"content":{"rendered":"<div>\n<div id=\"attachment_35471\" style=\"width: 510px\" class=\"wp-caption alignright\"><img loading=\"lazy\" decoding=\"async\" aria-describedby=\"caption-attachment-35471\" class=\"wp-image-35471\" src=\"http:\/\/kaustinen.net\/wp-content\/uploads\/2017\/07\/IMG_2151-1000x882.jpg\" alt=\"\" width=\"500\" height=\"441\" \/><p id=\"caption-attachment-35471\" class=\"wp-caption-text\">Marita Raita tutkii vuoden 2017 Kaustisen kansanmusiikkijuhlien ensimm\u00e4isen p\u00e4iv\u00e4n ohjelmaa.<\/p><\/div>\n<p><span style=\"color: black; font-size: small;\">Kes\u00e4ll\u00e4 2006 <strong>Marita Raita<\/strong> teki lomanviettoa koskevan ratkaisun, jolla oli vaikutusta h\u00e4nen kes\u00e4suunnitelmiinsa aina t\u00e4h\u00e4n p\u00e4iv\u00e4\u00e4n asti: h\u00e4n l\u00e4hti Kaustiselle kansanmusiikkijuhlille. Raidan ensimm\u00e4isill\u00e4 festivaaleilla aurinko paistoi koko ajan. H\u00e4n muistaa istuneensa festivaaliareenaa ymp\u00e4r\u00f6iv\u00e4n rinteen nurmikolla nauttien niin auringosta kuin musiikista. Siit\u00e4 l\u00e4htien Kaustinen on kuulunut jokaiseen kes\u00e4\u00e4n.<\/span><\/div>\n<div>\n<p><span style=\"color: black; font-size: small;\">Raidan sai liikkeelle h\u00e4nen tytt\u00e4rens\u00e4, joka oli k\u00e4ynyt kansanmusiikkijuhlilla edellisen\u00e4 kes\u00e4n\u00e4 ja kehunut, ett\u00e4 mukavaa oli ollut. Niinp\u00e4 \u00e4iti ja kaksi tyt\u00e4rt\u00e4 l\u00e4htiv\u00e4t yhdess\u00e4 festivaaleille muutamaksi p\u00e4iv\u00e4ksi. Raita oli kyll\u00e4 ollut kiinnostunut kansanmusiikista ja harrastanut kansantanssia lapsesta asti, mutta jostain syyst\u00e4 Kaustiselle h\u00e4n ei ollut osunut. Nyky\u00e4\u00e4n he ovat paikalla joka vuosi koko festivaaliviikon; tytt\u00e4ret esiintyv\u00e4t tanssien ja soittaen, ja \u00e4iti on jo useampana vuotena ty\u00f6skennellyt talkoolaisena tiedotustoimistossa.<\/span><\/p>\n<\/div>\n<div>\n<p><span style=\"color: black; font-size: small;\">Vuosien varrella Marita Raita on kuullut ja n\u00e4hnyt valtavasti erilaisia esityksi\u00e4, joista h\u00e4n ei kuitenkaan ole halukas nostamaan esille yksitt\u00e4ist\u00e4 kohokohtaa. &#8221;<\/span><span style=\"color: black; font-size: small;\">Viikon aikana n\u00e4kee ja kuulee aina niin paljon kaikkea hienoa, ettei niist\u00e4 voi valita yht\u00e4 erityist\u00e4&#8221;, h\u00e4n huokaa. &#8221;Keskeist\u00e4 festivaaleilla on sen sijaan erityinen tunnelma, joka vallitsee y\u00f6t\u00e4 p\u00e4iv\u00e4\u00e4, satoi tai paistoi.&#8221;\u00a0<\/span><span style=\"color: black; font-size: small;\">Naurahtaen Raita toteaakin, ett\u00e4 jos mielikuva ensimm\u00e4isest\u00e4 festarikes\u00e4st\u00e4 olikin jatkuva auringonpaiste, toki sadekesi\u00e4kin on ollut.<\/span><\/p>\n<\/div>\n<div>\n<p><span style=\"color: black; font-size: small;\">Kaustisen kansanmusiikkijuhlilla on viisikymmenvuotinen historia, mutta mik\u00e4 sen tulevaisuus on? Raita toteaa, ett\u00e4 niin kansanmusiikin kuin kansantanssin esitt\u00e4minen on itse asiassa lis\u00e4\u00e4ntynyt kaiken aikaa. H\u00e4n on n\u00e4hnyt my\u00f6s nykykansanmusiikin esiinmarssin.\u00a0<\/span><span style=\"color: black; font-size: small;\">&#8221;Uudessa kansanmusiikissa on aina kuitenkin perinteit\u00e4 mukana, h\u00e4n kokee. Niinh\u00e4n kansanmusiikki on aina syntynyt; otetaan vanhaa ja laitetaan jotain omaa mukaan. &#8221;<\/span><\/p>\n<\/div>\n<div>\n<p><span style=\"color: black; font-size: small;\">Hyv\u00e4 esimerkki samalla kertaa sek\u00e4 uudistumisesta ett\u00e4 jatkumisesta on Marita Raidan mielest\u00e4 t\u00e4m\u00e4nvuotisen Konsta Jylh\u00e4 -kilpailuun osallistuville annettu ohje, jonka mukaan esiintyjille annetaan vapaat k\u00e4det ohjelmiston ja soittimiston suhteen, kunhan esitett\u00e4v\u00e4 musiikki\u00a0<\/span><span style=\"color: black; font-size: small;\">on\u00a0<\/span><span style=\"color: black; font-size: small;\">instrumentaalista, akustista, ja se sis\u00e4lt\u00e4\u00e4 linkkej\u00e4 perinteeseen, vaikka kyseess\u00e4 olisi uusikin musiikki.\u00a0<\/span><span style=\"color: black; font-size: small;\">&#8221;Varmasti festivaalitkin jatkuvat tulevaisuudessakin.&#8221;<\/span><\/p>\n<\/div>\n<div><span style=\"color: black; font-size: small;\">Raidan mielest\u00e4 kansanmusiikkijuhlista ei oikeastaan voisi parempia toivoa.\u00a0<\/span><span style=\"color: black; font-size: small;\">Sit\u00e4 paitsi joka vuosi tulee pieni\u00e4 parannuksia, jotka helpottavat festivaaliarkea.\u00a0<\/span><span style=\"color: black; font-size: small;\">&#8221;Jos nyt jotain voi toivoa, niin hyv\u00e4\u00e4 s\u00e4\u00e4t\u00e4&#8221;, h\u00e4n esitt\u00e4\u00e4. &#8221;Ei kaatosateita \u2013\u00a0pilvipouta on ihan hyv\u00e4!&#8221;<\/span><\/div>\n<div><span style=\"color: black; font-size: small;\">\u00a0<\/span><\/div>\n<div><span style=\"color: black; font-size: small;\"><i>Text and photo: Hilkka Rauhala<\/i><\/span><\/div>","protected":false},"excerpt":{"rendered":"<p>Kes\u00e4ll\u00e4 2006 Marita Raita teki lomanviettoa koskevan ratkaisun, jolla oli vaikutusta h\u00e4nen kes\u00e4suunnitelmiinsa aina t\u00e4h\u00e4n p\u00e4iv\u00e4\u00e4n asti: h\u00e4n l\u00e4hti Kaustiselle kansanmusiikkijuhlille. Raidan ensimm\u00e4isill\u00e4 festivaaleilla aurinko paistoi koko ajan. H\u00e4n muistaa istuneensa festivaaliareenaa ymp\u00e4r\u00f6iv\u00e4n rinteen nurmikolla nauttien niin auringosta kuin musiikista. Siit\u00e4 l\u00e4htien Kaustinen on kuulunut jokaiseen kes\u00e4\u00e4n. Raidan sai liikkeelle h\u00e4nen tytt\u00e4rens\u00e4, joka oli k\u00e4ynyt [&hellip;]<\/p>\n","protected":false},"author":1,"featured_media":0,"comment_status":"closed","ping_status":"closed","sticky":false,"template":"","format":"standard","meta":{"_et_pb_use_builder":"","_et_pb_old_content":"","_et_gb_content_width":"","_jetpack_memberships_contains_paid_content":false,"footnotes":""},"categories":[5,3],"tags":[],"class_list":["post-35469","post","type-post","status-publish","format-standard","hentry","category-blogi","category-yleinen"],"yoast_head":"<!-- This site is optimized with the Yoast SEO plugin v27.4 - https:\/\/yoast.com\/product\/yoast-seo-wordpress\/ -->\n<title>Satoi tai paistoi, tunnelma pysyy - Kaustinen Folk Music Festival<\/title>\n<meta name=\"robots\" content=\"index, follow, max-snippet:-1, max-image-preview:large, max-video-preview:-1\" \/>\n<link rel=\"canonical\" href=\"https:\/\/kaustinen.net\/en\/satoi-tai-paistoi-tunnelma-pysyy\/\" \/>\n<meta property=\"og:locale\" content=\"en_GB\" \/>\n<meta property=\"og:type\" content=\"article\" \/>\n<meta property=\"og:title\" content=\"Satoi tai paistoi, tunnelma pysyy - Kaustinen Folk Music Festival\" \/>\n<meta property=\"og:description\" content=\"Kes\u00e4ll\u00e4 2006 Marita Raita teki lomanviettoa koskevan ratkaisun, jolla oli vaikutusta h\u00e4nen kes\u00e4suunnitelmiinsa aina t\u00e4h\u00e4n p\u00e4iv\u00e4\u00e4n asti: h\u00e4n l\u00e4hti Kaustiselle kansanmusiikkijuhlille. Raidan ensimm\u00e4isill\u00e4 festivaaleilla aurinko paistoi koko ajan. H\u00e4n muistaa istuneensa festivaaliareenaa ymp\u00e4r\u00f6iv\u00e4n rinteen nurmikolla nauttien niin auringosta kuin musiikista. Siit\u00e4 l\u00e4htien Kaustinen on kuulunut jokaiseen kes\u00e4\u00e4n. Raidan sai liikkeelle h\u00e4nen tytt\u00e4rens\u00e4, joka oli k\u00e4ynyt [&hellip;]\" \/>\n<meta property=\"og:url\" content=\"https:\/\/kaustinen.net\/en\/satoi-tai-paistoi-tunnelma-pysyy\/\" \/>\n<meta property=\"og:site_name\" content=\"Kaustinen Folk Music Festival\" \/>\n<meta property=\"article:published_time\" content=\"2017-07-12T14:38:03+00:00\" \/>\n<meta property=\"og:image\" content=\"http:\/\/kaustinen.net\/wp-content\/uploads\/2017\/07\/IMG_2151-1000x882.jpg\" \/>\n<meta name=\"author\" content=\"admin\" \/>\n<meta name=\"twitter:card\" content=\"summary_large_image\" \/>\n<meta name=\"twitter:label1\" content=\"Written by\" \/>\n\t<meta name=\"twitter:data1\" content=\"admin\" \/>\n\t<meta name=\"twitter:label2\" content=\"Estimated reading time\" \/>\n\t<meta name=\"twitter:data2\" content=\"2 minutes\" \/>\n<script type=\"application\/ld+json\" class=\"yoast-schema-graph\">{\"@context\":\"https:\\\/\\\/schema.org\",\"@graph\":[{\"@type\":\"Article\",\"@id\":\"https:\\\/\\\/kaustinen.net\\\/sv\\\/satoi-tai-paistoi-tunnelma-pysyy\\\/#article\",\"isPartOf\":{\"@id\":\"https:\\\/\\\/kaustinen.net\\\/sv\\\/satoi-tai-paistoi-tunnelma-pysyy\\\/\"},\"author\":{\"name\":\"admin\",\"@id\":\"https:\\\/\\\/kaustinen.net\\\/sv\\\/#\\\/schema\\\/person\\\/7b0fee5d286d31b36108d897fb74d35b\"},\"headline\":\"Satoi tai paistoi, tunnelma pysyy\",\"datePublished\":\"2017-07-12T14:38:03+00:00\",\"mainEntityOfPage\":{\"@id\":\"https:\\\/\\\/kaustinen.net\\\/sv\\\/satoi-tai-paistoi-tunnelma-pysyy\\\/\"},\"wordCount\":399,\"image\":{\"@id\":\"https:\\\/\\\/kaustinen.net\\\/sv\\\/satoi-tai-paistoi-tunnelma-pysyy\\\/#primaryimage\"},\"thumbnailUrl\":\"http:\\\/\\\/kaustinen.net\\\/wp-content\\\/uploads\\\/2017\\\/07\\\/IMG_2151-1000x882.jpg\",\"articleSection\":[\"Blogi\",\"Yleinen\"],\"inLanguage\":\"en-GB\"},{\"@type\":\"WebPage\",\"@id\":\"https:\\\/\\\/kaustinen.net\\\/sv\\\/satoi-tai-paistoi-tunnelma-pysyy\\\/\",\"url\":\"https:\\\/\\\/kaustinen.net\\\/sv\\\/satoi-tai-paistoi-tunnelma-pysyy\\\/\",\"name\":\"Satoi tai paistoi, tunnelma pysyy - Kaustinen Folk Music Festival\",\"isPartOf\":{\"@id\":\"https:\\\/\\\/kaustinen.net\\\/sv\\\/#website\"},\"primaryImageOfPage\":{\"@id\":\"https:\\\/\\\/kaustinen.net\\\/sv\\\/satoi-tai-paistoi-tunnelma-pysyy\\\/#primaryimage\"},\"image\":{\"@id\":\"https:\\\/\\\/kaustinen.net\\\/sv\\\/satoi-tai-paistoi-tunnelma-pysyy\\\/#primaryimage\"},\"thumbnailUrl\":\"http:\\\/\\\/kaustinen.net\\\/wp-content\\\/uploads\\\/2017\\\/07\\\/IMG_2151-1000x882.jpg\",\"datePublished\":\"2017-07-12T14:38:03+00:00\",\"author\":{\"@id\":\"https:\\\/\\\/kaustinen.net\\\/sv\\\/#\\\/schema\\\/person\\\/7b0fee5d286d31b36108d897fb74d35b\"},\"breadcrumb\":{\"@id\":\"https:\\\/\\\/kaustinen.net\\\/sv\\\/satoi-tai-paistoi-tunnelma-pysyy\\\/#breadcrumb\"},\"inLanguage\":\"en-GB\",\"potentialAction\":[{\"@type\":\"ReadAction\",\"target\":[\"https:\\\/\\\/kaustinen.net\\\/sv\\\/satoi-tai-paistoi-tunnelma-pysyy\\\/\"]}]},{\"@type\":\"ImageObject\",\"inLanguage\":\"en-GB\",\"@id\":\"https:\\\/\\\/kaustinen.net\\\/sv\\\/satoi-tai-paistoi-tunnelma-pysyy\\\/#primaryimage\",\"url\":\"http:\\\/\\\/kaustinen.net\\\/wp-content\\\/uploads\\\/2017\\\/07\\\/IMG_2151-1000x882.jpg\",\"contentUrl\":\"http:\\\/\\\/kaustinen.net\\\/wp-content\\\/uploads\\\/2017\\\/07\\\/IMG_2151-1000x882.jpg\"},{\"@type\":\"BreadcrumbList\",\"@id\":\"https:\\\/\\\/kaustinen.net\\\/sv\\\/satoi-tai-paistoi-tunnelma-pysyy\\\/#breadcrumb\",\"itemListElement\":[{\"@type\":\"ListItem\",\"position\":1,\"name\":\"Home\",\"item\":\"https:\\\/\\\/kaustinen.net\\\/\"},{\"@type\":\"ListItem\",\"position\":2,\"name\":\"Satoi tai paistoi, tunnelma pysyy\"}]},{\"@type\":\"WebSite\",\"@id\":\"https:\\\/\\\/kaustinen.net\\\/sv\\\/#website\",\"url\":\"https:\\\/\\\/kaustinen.net\\\/sv\\\/\",\"name\":\"Kaustinen Folk Music Festival\",\"description\":\"Kes\u00e4n onnellisimmat p\u00e4iv\u00e4t\",\"potentialAction\":[{\"@type\":\"SearchAction\",\"target\":{\"@type\":\"EntryPoint\",\"urlTemplate\":\"https:\\\/\\\/kaustinen.net\\\/sv\\\/?s={search_term_string}\"},\"query-input\":{\"@type\":\"PropertyValueSpecification\",\"valueRequired\":true,\"valueName\":\"search_term_string\"}}],\"inLanguage\":\"en-GB\"},{\"@type\":\"Person\",\"@id\":\"https:\\\/\\\/kaustinen.net\\\/sv\\\/#\\\/schema\\\/person\\\/7b0fee5d286d31b36108d897fb74d35b\",\"name\":\"admin\",\"image\":{\"@type\":\"ImageObject\",\"inLanguage\":\"en-GB\",\"@id\":\"https:\\\/\\\/secure.gravatar.com\\\/avatar\\\/2bc07cb6b4886e8817b342f2d1a95f037d049f9a8e9770d7b28c1c6baa6129bf?s=96&d=mm&r=g\",\"url\":\"https:\\\/\\\/secure.gravatar.com\\\/avatar\\\/2bc07cb6b4886e8817b342f2d1a95f037d049f9a8e9770d7b28c1c6baa6129bf?s=96&d=mm&r=g\",\"contentUrl\":\"https:\\\/\\\/secure.gravatar.com\\\/avatar\\\/2bc07cb6b4886e8817b342f2d1a95f037d049f9a8e9770d7b28c1c6baa6129bf?s=96&d=mm&r=g\",\"caption\":\"admin\"},\"sameAs\":[\"https:\\\/\\\/kaustinen.net\"],\"url\":\"https:\\\/\\\/kaustinen.net\\\/en\\\/author\\\/jimmy\\\/\"}]}<\/script>\n<!-- \/ Yoast SEO plugin. -->","yoast_head_json":{"title":"Satoi tai paistoi, tunnelma pysyy - Kaustinen Folk Music Festival","robots":{"index":"index","follow":"follow","max-snippet":"max-snippet:-1","max-image-preview":"max-image-preview:large","max-video-preview":"max-video-preview:-1"},"canonical":"https:\/\/kaustinen.net\/en\/satoi-tai-paistoi-tunnelma-pysyy\/","og_locale":"en_GB","og_type":"article","og_title":"Satoi tai paistoi, tunnelma pysyy - Kaustinen Folk Music Festival","og_description":"Kes\u00e4ll\u00e4 2006 Marita Raita teki lomanviettoa koskevan ratkaisun, jolla oli vaikutusta h\u00e4nen kes\u00e4suunnitelmiinsa aina t\u00e4h\u00e4n p\u00e4iv\u00e4\u00e4n asti: h\u00e4n l\u00e4hti Kaustiselle kansanmusiikkijuhlille. Raidan ensimm\u00e4isill\u00e4 festivaaleilla aurinko paistoi koko ajan. H\u00e4n muistaa istuneensa festivaaliareenaa ymp\u00e4r\u00f6iv\u00e4n rinteen nurmikolla nauttien niin auringosta kuin musiikista. Siit\u00e4 l\u00e4htien Kaustinen on kuulunut jokaiseen kes\u00e4\u00e4n. Raidan sai liikkeelle h\u00e4nen tytt\u00e4rens\u00e4, joka oli k\u00e4ynyt [&hellip;]","og_url":"https:\/\/kaustinen.net\/en\/satoi-tai-paistoi-tunnelma-pysyy\/","og_site_name":"Kaustinen Folk Music Festival","article_published_time":"2017-07-12T14:38:03+00:00","og_image":[{"url":"http:\/\/kaustinen.net\/wp-content\/uploads\/2017\/07\/IMG_2151-1000x882.jpg","type":"","width":"","height":""}],"author":"admin","twitter_card":"summary_large_image","twitter_misc":{"Written by":"admin","Estimated reading time":"2 minutes"},"schema":{"@context":"https:\/\/schema.org","@graph":[{"@type":"Article","@id":"https:\/\/kaustinen.net\/sv\/satoi-tai-paistoi-tunnelma-pysyy\/#article","isPartOf":{"@id":"https:\/\/kaustinen.net\/sv\/satoi-tai-paistoi-tunnelma-pysyy\/"},"author":{"name":"admin","@id":"https:\/\/kaustinen.net\/sv\/#\/schema\/person\/7b0fee5d286d31b36108d897fb74d35b"},"headline":"Satoi tai paistoi, tunnelma pysyy","datePublished":"2017-07-12T14:38:03+00:00","mainEntityOfPage":{"@id":"https:\/\/kaustinen.net\/sv\/satoi-tai-paistoi-tunnelma-pysyy\/"},"wordCount":399,"image":{"@id":"https:\/\/kaustinen.net\/sv\/satoi-tai-paistoi-tunnelma-pysyy\/#primaryimage"},"thumbnailUrl":"http:\/\/kaustinen.net\/wp-content\/uploads\/2017\/07\/IMG_2151-1000x882.jpg","articleSection":["Blogi","Yleinen"],"inLanguage":"en-GB"},{"@type":"WebPage","@id":"https:\/\/kaustinen.net\/sv\/satoi-tai-paistoi-tunnelma-pysyy\/","url":"https:\/\/kaustinen.net\/sv\/satoi-tai-paistoi-tunnelma-pysyy\/","name":"Satoi tai paistoi, tunnelma pysyy - Kaustinen Folk Music Festival","isPartOf":{"@id":"https:\/\/kaustinen.net\/sv\/#website"},"primaryImageOfPage":{"@id":"https:\/\/kaustinen.net\/sv\/satoi-tai-paistoi-tunnelma-pysyy\/#primaryimage"},"image":{"@id":"https:\/\/kaustinen.net\/sv\/satoi-tai-paistoi-tunnelma-pysyy\/#primaryimage"},"thumbnailUrl":"http:\/\/kaustinen.net\/wp-content\/uploads\/2017\/07\/IMG_2151-1000x882.jpg","datePublished":"2017-07-12T14:38:03+00:00","author":{"@id":"https:\/\/kaustinen.net\/sv\/#\/schema\/person\/7b0fee5d286d31b36108d897fb74d35b"},"breadcrumb":{"@id":"https:\/\/kaustinen.net\/sv\/satoi-tai-paistoi-tunnelma-pysyy\/#breadcrumb"},"inLanguage":"en-GB","potentialAction":[{"@type":"ReadAction","target":["https:\/\/kaustinen.net\/sv\/satoi-tai-paistoi-tunnelma-pysyy\/"]}]},{"@type":"ImageObject","inLanguage":"en-GB","@id":"https:\/\/kaustinen.net\/sv\/satoi-tai-paistoi-tunnelma-pysyy\/#primaryimage","url":"http:\/\/kaustinen.net\/wp-content\/uploads\/2017\/07\/IMG_2151-1000x882.jpg","contentUrl":"http:\/\/kaustinen.net\/wp-content\/uploads\/2017\/07\/IMG_2151-1000x882.jpg"},{"@type":"BreadcrumbList","@id":"https:\/\/kaustinen.net\/sv\/satoi-tai-paistoi-tunnelma-pysyy\/#breadcrumb","itemListElement":[{"@type":"ListItem","position":1,"name":"Home","item":"https:\/\/kaustinen.net\/"},{"@type":"ListItem","position":2,"name":"Satoi tai paistoi, tunnelma pysyy"}]},{"@type":"WebSite","@id":"https:\/\/kaustinen.net\/sv\/#website","url":"https:\/\/kaustinen.net\/sv\/","name":"Kaustinen Folk Music Festival","description":"Happiest Days of Summer","potentialAction":[{"@type":"SearchAction","target":{"@type":"EntryPoint","urlTemplate":"https:\/\/kaustinen.net\/sv\/?s={search_term_string}"},"query-input":{"@type":"PropertyValueSpecification","valueRequired":true,"valueName":"search_term_string"}}],"inLanguage":"en-GB"},{"@type":"Person","@id":"https:\/\/kaustinen.net\/sv\/#\/schema\/person\/7b0fee5d286d31b36108d897fb74d35b","name":"admin","image":{"@type":"ImageObject","inLanguage":"en-GB","@id":"https:\/\/secure.gravatar.com\/avatar\/2bc07cb6b4886e8817b342f2d1a95f037d049f9a8e9770d7b28c1c6baa6129bf?s=96&d=mm&r=g","url":"https:\/\/secure.gravatar.com\/avatar\/2bc07cb6b4886e8817b342f2d1a95f037d049f9a8e9770d7b28c1c6baa6129bf?s=96&d=mm&r=g","contentUrl":"https:\/\/secure.gravatar.com\/avatar\/2bc07cb6b4886e8817b342f2d1a95f037d049f9a8e9770d7b28c1c6baa6129bf?s=96&d=mm&r=g","caption":"admin"},"sameAs":["https:\/\/kaustinen.net"],"url":"https:\/\/kaustinen.net\/en\/author\/jimmy\/"}]}},"jetpack_featured_media_url":"","jetpack_sharing_enabled":true,"_links":{"self":[{"href":"https:\/\/kaustinen.net\/en\/wp-json\/wp\/v2\/posts\/35469","targetHints":{"allow":["GET"]}}],"collection":[{"href":"https:\/\/kaustinen.net\/en\/wp-json\/wp\/v2\/posts"}],"about":[{"href":"https:\/\/kaustinen.net\/en\/wp-json\/wp\/v2\/types\/post"}],"author":[{"embeddable":true,"href":"https:\/\/kaustinen.net\/en\/wp-json\/wp\/v2\/users\/1"}],"replies":[{"embeddable":true,"href":"https:\/\/kaustinen.net\/en\/wp-json\/wp\/v2\/comments?post=35469"}],"version-history":[{"count":0,"href":"https:\/\/kaustinen.net\/en\/wp-json\/wp\/v2\/posts\/35469\/revisions"}],"wp:attachment":[{"href":"https:\/\/kaustinen.net\/en\/wp-json\/wp\/v2\/media?parent=35469"}],"wp:term":[{"taxonomy":"category","embeddable":true,"href":"https:\/\/kaustinen.net\/en\/wp-json\/wp\/v2\/categories?post=35469"},{"taxonomy":"post_tag","embeddable":true,"href":"https:\/\/kaustinen.net\/en\/wp-json\/wp\/v2\/tags?post=35469"}],"curies":[{"name":"wp","href":"https:\/\/api.w.org\/{rel}","templated":true}]}}